{"id":6440,"date":"2021-06-03T13:03:10","date_gmt":"2021-06-03T13:03:10","guid":{"rendered":"https:\/\/totalctrl.com\/?p=6440"},"modified":"2023-05-03T09:53:41","modified_gmt":"2023-05-03T09:53:41","slug":"webinar-digitalisering-og-gronn-teknologi","status":"publish","type":"post","link":"https:\/\/dev.totalctrl.com\/no\/blogg\/webinar-digitalisering-og-gronn-teknologi","title":{"rendered":"Webinar: Digitalisering og gr\u00f8nn teknologi"},"content":{"rendered":"\n<p>Mandag 31. Mai 2021 avholdt vi i TotalCtrl v\u00e5rt f\u00f8rste webinar om digitalisering og gr\u00f8nn teknologi. Her \u00f8nsket vi \u00e5 g\u00e5 dypere inn i hvordan det teknologiske landskapet i kommunenorge ser ut i dag og hvorfor digitalisering er utrolig viktig for b\u00e6rekraftig utvikling i offentlig sektor. Under webinaret delte Charlotte Aschim (Daglig leder, TotalCtrl) og Nam Vo (Prosjektleder, TotalCtrl) sine erfaringer rundt b\u00e6rekraftig teknologi og arbeidet i kampen mot matsvinn.\u00a0<\/p>\n\n\n\n<p><strong>Det teknologiske landskapet i kommuner i dag<\/strong><\/p>\n\n\n\n<p>Vi har lagt merke til at Norge ligger etter v\u00e5re naboland Danmark, Sverige og Finland n\u00e5r det kommer til digitalisering og teknologisk utvikling i kommuner. Mange forbinder kanskje ny teknologi med noe som er tids- og ressurskrevende, og er skeptiske til nye ting som de ikke kjenner til. Dette gj\u00f8r implementering av ny teknologi enda vanskeligere. Vi ser at det er spesielt de mindre kommunene som henger etter\u00a0 n\u00e5r det kommer til ny teknologi og digitalisering. En unders\u00f8kelse gjort av SINTEF med 340 kommuner viser at det er lettere \u00e5 implementere ny teknologi i de store kommunene enn i de sm\u00e5 og mellomstore. Mye av dette kan skyldes mangel p\u00e5 ressurser og kompetanse.\u00a0<\/p>\n\n\n\n<p><strong>Utfordringer hos barnehager, sykehjem- og eldrehjem<\/strong><\/p>\n\n\n\n<p>Vi ser at det er mange eldre mennesker som arbeider ved eldre- og sykehjem.  En kan dermed tenke  seg at de ikke tar til seg ny teknologi like godt som den yngre generasjonen, og heller vil ha de gamle rutinene som har fungert i alle \u00e5r. Barnehagene vi har arbeidet med har derimot st\u00f8rre kunnskap innenfor milj\u00f8 og b\u00e6rekraft. Vi ser at flere barnehager er gr\u00f8nt flagg sertifiserte, milj\u00f8fyrt\u00e5rn-sertifiserte, helsefremmende barnehager, milj\u00f8barnehager og\/eller BREEAM sertifiserte. En av grunnene til dette kan v\u00e6re fordi det jobber flere yngre mennesker i barnehagesektoren som ofte holder seg oppdatert med det som foreg\u00e5r i teknologiverdenen. Men selv i barnehager ser vi ogs\u00e5 utfordringer n\u00e5r det kommer til manuelle rutiner og bruk av penn og papir. Et eksempel p\u00e5 dette ser vi ved bestillingen av mat i barnehager. Her m\u00e5 hver enkelt avdeling sjekke hva de har p\u00e5 lager og skrive ned det de vil trenger, for s\u00e5 at daglig leder samler inn lappene for bestilling. Dette f\u00f8rer ofte til mangel p\u00e5 kontroll noe som igjen f\u00f8rer til at mat kastes&#8230;\u00a0 Dette kunne v\u00e6rt unng\u00e5tt hvis barnehagene hadde bedre kommunikasjon og kontroll p\u00e5 hva som finnes ved de ulike avdelingene.\u00a0<\/p>\n\n\n\n<p><strong>Sikre god integrering av teknologiske l\u00f8sninger i kommunenorge<\/strong><\/p>\n\n\n\n<p>Basert p\u00e5 v\u00e5r erfaring fra b\u00e5de private og offentlige akt\u00f8rer som gjennomg\u00e5r et digitalt skifte, ser vi noen klare likhetstrekk p\u00e5 hva som gj\u00f8r at det fungerer:&nbsp;<\/p>\n\n\n\n<ol><li>Det er viktig \u00e5 alliere seg med en s\u00e5kalt \u201c<em>Champion<\/em>\u201d, det vil si en person som er engasjert og har forankringsmyndighet.&nbsp;<\/li><li>En m\u00e5 sikre at b\u00e5de tid og penger er allokert til det digitale skiftet.&nbsp;<\/li><li>Planlegging, kartlegging og kommunikasjon er viktig!&nbsp;<\/li><\/ol>\n\n\n\n<p><strong>Kommunenorges jobb fremover<\/strong><\/p>\n\n\n\n<p>FN\u2019s b\u00e6rekraftsm\u00e5l blir viktigere for hver dag som g\u00e5r, og har som m\u00e5l \u00e5 sikre en fremtid for v\u00e5re kommende barn og barnebarn. Norge har p\u00e5lagt kommunene en rekke m\u00e5l som skal pr\u00f8ves \u00e5 n\u00e5s innen 2030, blant annet halveringen av matsvinn. Her ser vi at det er en STOR mulighet for kommunenorge til \u00e5 ta i bruk digitalisering og gr\u00f8nn teknologi. Det er viktig at kommunene tar initiativ, og bruker de kunnskapsrike bedriftene der ute som gjerne vil hjelpe.\u00a0<\/p>\n\n\n\n<p>Etter en stor suksess med dette webinaret vil det i Juni 2021 avholdes et webinar med tema \u201cDen digitale barnehage\u201d. <\/p>\n\n\n\n<figure class=\"wp-block-image size-large\"><img loading=\"lazy\" width=\"1024\" height=\"1024\" src=\"https:\/\/staging-site.totalctrl.com\/wp-content\/uploads\/2021\/06\/Webinar-2-1024x1024.png\" alt=\"\" class=\"wp-image-6448\" srcset=\"https:\/\/dev.totalctrl.com\/wp-content\/uploads\/2021\/06\/Webinar-2-1024x1024.png 1024w, https:\/\/dev.totalctrl.com\/wp-content\/uploads\/2021\/06\/Webinar-2-300x300.png 300w, https:\/\/dev.totalctrl.com\/wp-content\/uploads\/2021\/06\/Webinar-2-150x150.png 150w, https:\/\/dev.totalctrl.com\/wp-content\/uploads\/2021\/06\/Webinar-2-768x768.png 768w, https:\/\/dev.totalctrl.com\/wp-content\/uploads\/2021\/06\/Webinar-2-100x100.png 100w, https:\/\/dev.totalctrl.com\/wp-content\/uploads\/2021\/06\/Webinar-2.png 1080w\" sizes=\"(max-width: 706px) 89vw, (max-width: 767px) 82vw, 740px\" \/><\/figure>\n","protected":false},"excerpt":{"rendered":"<p>Mandag 31. Mai 2021 avholdt vi i TotalCtrl v\u00e5rt f\u00f8rste webinar om digitalisering og gr\u00f8nn teknologi. Her \u00f8nsket vi \u00e5 g\u00e5 dypere inn i hvordan det teknologiske landskapet i kommunenorge ser ut i dag og hvorfor digitalisering er utrolig viktig for b\u00e6rekraftig utvikling i offentlig sektor. Under webinaret delte Charlotte Aschim (Daglig leder, TotalCtrl) og &hellip; <\/p>\n<p class=\"link-more\"><a href=\"https:\/\/dev.totalctrl.com\/no\/blogg\/webinar-digitalisering-og-gronn-teknologi\" class=\"more-link\">Fortsett \u00e5 lese<span class=\"screen-reader-text\"> \u00abWebinar: Digitalisering og gr\u00f8nn teknologi\u00bb<\/span><\/a><\/p>\n","protected":false},"author":6,"featured_media":6452,"comment_status":"open","ping_status":"open","sticky":false,"template":"","format":"standard","meta":{"content-type":""},"categories":[23],"tags":[],"acf":[],"yoast_head":"<!-- This site is optimized with the Yoast SEO plugin v20.0 - https:\/\/yoast.com\/wordpress\/plugins\/seo\/ -->\n<title>Webinar: Digitalisering og gr\u00f8nn teknologi - TotalCtrl<\/title>\n<meta name=\"robots\" content=\"index, follow, max-snippet:-1, max-image-preview:large, max-video-preview:-1\" \/>\n<link rel=\"canonical\" href=\"https:\/\/dev.totalctrl.com\/no\/blogg\/webinar-digitalisering-og-gronn-teknologi\" \/>\n<meta property=\"og:locale\" content=\"nb_NO\" \/>\n<meta property=\"og:type\" content=\"article\" \/>\n<meta property=\"og:title\" content=\"Webinar: Digitalisering og gr\u00f8nn teknologi - TotalCtrl\" \/>\n<meta property=\"og:description\" content=\"Mandag 31. Mai 2021 avholdt vi i TotalCtrl v\u00e5rt f\u00f8rste webinar om digitalisering og gr\u00f8nn teknologi. Her \u00f8nsket vi \u00e5 g\u00e5 dypere inn i hvordan det teknologiske landskapet i kommunenorge ser ut i dag og hvorfor digitalisering er utrolig viktig for b\u00e6rekraftig utvikling i offentlig sektor. Under webinaret delte Charlotte Aschim (Daglig leder, TotalCtrl) og &hellip; Fortsett \u00e5 lese \u00abWebinar: Digitalisering og gr\u00f8nn teknologi\u00bb\" \/>\n<meta property=\"og:url\" content=\"https:\/\/dev.totalctrl.com\/no\/blogg\/webinar-digitalisering-og-gronn-teknologi\" \/>\n<meta property=\"og:site_name\" content=\"TotalCtrl\" \/>\n<meta property=\"article:publisher\" content=\"https:\/\/www.facebook.com\/TotalCtrl\" \/>\n<meta property=\"article:published_time\" content=\"2021-06-03T13:03:10+00:00\" \/>\n<meta property=\"article:modified_time\" content=\"2023-05-03T09:53:41+00:00\" \/>\n<meta property=\"og:image\" content=\"https:\/\/dev.totalctrl.com\/wp-content\/uploads\/2021\/06\/Webinar.-Charlotte.png\" \/>\n\t<meta property=\"og:image:width\" content=\"1080\" \/>\n\t<meta property=\"og:image:height\" content=\"1080\" \/>\n\t<meta property=\"og:image:type\" content=\"image\/png\" \/>\n<meta name=\"author\" content=\"Charlotte Aschim\" \/>\n<meta name=\"twitter:card\" content=\"summary_large_image\" \/>\n<meta name=\"twitter:creator\" content=\"@totalctrlas\" \/>\n<meta name=\"twitter:site\" content=\"@totalctrlas\" \/>\n<meta name=\"twitter:label1\" content=\"Skrevet av\" \/>\n\t<meta name=\"twitter:data1\" content=\"Charlotte Aschim\" \/>\n\t<meta name=\"twitter:label2\" content=\"Ansl. lesetid\" \/>\n\t<meta name=\"twitter:data2\" content=\"3 minutter\" \/>\n<script type=\"application\/ld+json\" class=\"yoast-schema-graph\">{\"@context\":\"https:\/\/schema.org\",\"@graph\":[{\"@type\":\"Article\",\"@id\":\"https:\/\/dev.totalctrl.com\/no\/blogg\/webinar-digitalisering-og-gronn-teknologi#article\",\"isPartOf\":{\"@id\":\"https:\/\/dev.totalctrl.com\/no\/blogg\/webinar-digitalisering-og-gronn-teknologi\"},\"author\":{\"name\":\"Charlotte Aschim\",\"@id\":\"https:\/\/dev.totalctrl.com\/#\/schema\/person\/b0369db4f3e069e69914932700261a77\"},\"headline\":\"Webinar: Digitalisering og gr\u00f8nn teknologi\",\"datePublished\":\"2021-06-03T13:03:10+00:00\",\"dateModified\":\"2023-05-03T09:53:41+00:00\",\"mainEntityOfPage\":{\"@id\":\"https:\/\/dev.totalctrl.com\/no\/blogg\/webinar-digitalisering-og-gronn-teknologi\"},\"wordCount\":612,\"commentCount\":0,\"publisher\":{\"@id\":\"https:\/\/dev.totalctrl.com\/#organization\"},\"articleSection\":[\"Blogg\"],\"inLanguage\":\"nb-NO\",\"potentialAction\":[{\"@type\":\"CommentAction\",\"name\":\"Comment\",\"target\":[\"https:\/\/dev.totalctrl.com\/no\/blogg\/webinar-digitalisering-og-gronn-teknologi#respond\"]}]},{\"@type\":\"WebPage\",\"@id\":\"https:\/\/dev.totalctrl.com\/no\/blogg\/webinar-digitalisering-og-gronn-teknologi\",\"url\":\"https:\/\/dev.totalctrl.com\/no\/blogg\/webinar-digitalisering-og-gronn-teknologi\",\"name\":\"Webinar: Digitalisering og gr\u00f8nn teknologi - TotalCtrl\",\"isPartOf\":{\"@id\":\"https:\/\/dev.totalctrl.com\/#website\"},\"datePublished\":\"2021-06-03T13:03:10+00:00\",\"dateModified\":\"2023-05-03T09:53:41+00:00\",\"inLanguage\":\"nb-NO\",\"potentialAction\":[{\"@type\":\"ReadAction\",\"target\":[\"https:\/\/dev.totalctrl.com\/no\/blogg\/webinar-digitalisering-og-gronn-teknologi\"]}]},{\"@type\":\"WebSite\",\"@id\":\"https:\/\/dev.totalctrl.com\/#website\",\"url\":\"https:\/\/dev.totalctrl.com\/\",\"name\":\"TotalCtrl\",\"description\":\"TotalCtrl Blog\",\"publisher\":{\"@id\":\"https:\/\/dev.totalctrl.com\/#organization\"},\"potentialAction\":[{\"@type\":\"SearchAction\",\"target\":{\"@type\":\"EntryPoint\",\"urlTemplate\":\"https:\/\/dev.totalctrl.com\/?s={search_term_string}\"},\"query-input\":\"required name=search_term_string\"}],\"inLanguage\":\"nb-NO\"},{\"@type\":\"Organization\",\"@id\":\"https:\/\/dev.totalctrl.com\/#organization\",\"name\":\"TotalCtrl\",\"url\":\"https:\/\/dev.totalctrl.com\/\",\"logo\":{\"@type\":\"ImageObject\",\"inLanguage\":\"nb-NO\",\"@id\":\"https:\/\/dev.totalctrl.com\/#\/schema\/logo\/image\/\",\"url\":\"https:\/\/dev.totalctrl.com\/wp-content\/uploads\/2021\/04\/totalctrl-logo-light@2x.png\",\"contentUrl\":\"https:\/\/dev.totalctrl.com\/wp-content\/uploads\/2021\/04\/totalctrl-logo-light@2x.png\",\"width\":395,\"height\":65,\"caption\":\"TotalCtrl\"},\"image\":{\"@id\":\"https:\/\/dev.totalctrl.com\/#\/schema\/logo\/image\/\"},\"sameAs\":[\"https:\/\/www.instagram.com\/totalctrlas\/\",\"https:\/\/www.linkedin.com\/company\/totalctrl\",\"https:\/\/www.facebook.com\/TotalCtrl\",\"https:\/\/twitter.com\/totalctrlas\"]},{\"@type\":\"Person\",\"@id\":\"https:\/\/dev.totalctrl.com\/#\/schema\/person\/b0369db4f3e069e69914932700261a77\",\"name\":\"Charlotte Aschim\",\"image\":{\"@type\":\"ImageObject\",\"inLanguage\":\"nb-NO\",\"@id\":\"https:\/\/dev.totalctrl.com\/#\/schema\/person\/image\/\",\"url\":\"https:\/\/secure.gravatar.com\/avatar\/fb0cb89195938e1a6125c4c297b3e5f2?s=96&d=mm&r=g\",\"contentUrl\":\"https:\/\/secure.gravatar.com\/avatar\/fb0cb89195938e1a6125c4c297b3e5f2?s=96&d=mm&r=g\",\"caption\":\"Charlotte Aschim\"},\"url\":\"https:\/\/dev.totalctrl.com\/no\/author\/charlotte-totalctrl\"}]}<\/script>\n<!-- \/ Yoast SEO plugin. -->","yoast_head_json":{"title":"Webinar: Digitalisering og gr\u00f8nn teknologi - TotalCtrl","robots":{"index":"index","follow":"follow","max-snippet":"max-snippet:-1","max-image-preview":"max-image-preview:large","max-video-preview":"max-video-preview:-1"},"canonical":"https:\/\/dev.totalctrl.com\/no\/blogg\/webinar-digitalisering-og-gronn-teknologi","og_locale":"nb_NO","og_type":"article","og_title":"Webinar: Digitalisering og gr\u00f8nn teknologi - TotalCtrl","og_description":"Mandag 31. Mai 2021 avholdt vi i TotalCtrl v\u00e5rt f\u00f8rste webinar om digitalisering og gr\u00f8nn teknologi. Her \u00f8nsket vi \u00e5 g\u00e5 dypere inn i hvordan det teknologiske landskapet i kommunenorge ser ut i dag og hvorfor digitalisering er utrolig viktig for b\u00e6rekraftig utvikling i offentlig sektor. Under webinaret delte Charlotte Aschim (Daglig leder, TotalCtrl) og &hellip; Fortsett \u00e5 lese \u00abWebinar: Digitalisering og gr\u00f8nn teknologi\u00bb","og_url":"https:\/\/dev.totalctrl.com\/no\/blogg\/webinar-digitalisering-og-gronn-teknologi","og_site_name":"TotalCtrl","article_publisher":"https:\/\/www.facebook.com\/TotalCtrl","article_published_time":"2021-06-03T13:03:10+00:00","article_modified_time":"2023-05-03T09:53:41+00:00","og_image":[{"width":1080,"height":1080,"url":"https:\/\/dev.totalctrl.com\/wp-content\/uploads\/2021\/06\/Webinar.-Charlotte.png","type":"image\/png"}],"author":"Charlotte Aschim","twitter_card":"summary_large_image","twitter_creator":"@totalctrlas","twitter_site":"@totalctrlas","twitter_misc":{"Skrevet av":"Charlotte Aschim","Ansl. lesetid":"3 minutter"},"schema":{"@context":"https:\/\/schema.org","@graph":[{"@type":"Article","@id":"https:\/\/dev.totalctrl.com\/no\/blogg\/webinar-digitalisering-og-gronn-teknologi#article","isPartOf":{"@id":"https:\/\/dev.totalctrl.com\/no\/blogg\/webinar-digitalisering-og-gronn-teknologi"},"author":{"name":"Charlotte Aschim","@id":"https:\/\/dev.totalctrl.com\/#\/schema\/person\/b0369db4f3e069e69914932700261a77"},"headline":"Webinar: Digitalisering og gr\u00f8nn teknologi","datePublished":"2021-06-03T13:03:10+00:00","dateModified":"2023-05-03T09:53:41+00:00","mainEntityOfPage":{"@id":"https:\/\/dev.totalctrl.com\/no\/blogg\/webinar-digitalisering-og-gronn-teknologi"},"wordCount":612,"commentCount":0,"publisher":{"@id":"https:\/\/dev.totalctrl.com\/#organization"},"articleSection":["Blogg"],"inLanguage":"nb-NO","potentialAction":[{"@type":"CommentAction","name":"Comment","target":["https:\/\/dev.totalctrl.com\/no\/blogg\/webinar-digitalisering-og-gronn-teknologi#respond"]}]},{"@type":"WebPage","@id":"https:\/\/dev.totalctrl.com\/no\/blogg\/webinar-digitalisering-og-gronn-teknologi","url":"https:\/\/dev.totalctrl.com\/no\/blogg\/webinar-digitalisering-og-gronn-teknologi","name":"Webinar: Digitalisering og gr\u00f8nn teknologi - TotalCtrl","isPartOf":{"@id":"https:\/\/dev.totalctrl.com\/#website"},"datePublished":"2021-06-03T13:03:10+00:00","dateModified":"2023-05-03T09:53:41+00:00","inLanguage":"nb-NO","potentialAction":[{"@type":"ReadAction","target":["https:\/\/dev.totalctrl.com\/no\/blogg\/webinar-digitalisering-og-gronn-teknologi"]}]},{"@type":"WebSite","@id":"https:\/\/dev.totalctrl.com\/#website","url":"https:\/\/dev.totalctrl.com\/","name":"TotalCtrl","description":"TotalCtrl Blog","publisher":{"@id":"https:\/\/dev.totalctrl.com\/#organization"},"potentialAction":[{"@type":"SearchAction","target":{"@type":"EntryPoint","urlTemplate":"https:\/\/dev.totalctrl.com\/?s={search_term_string}"},"query-input":"required name=search_term_string"}],"inLanguage":"nb-NO"},{"@type":"Organization","@id":"https:\/\/dev.totalctrl.com\/#organization","name":"TotalCtrl","url":"https:\/\/dev.totalctrl.com\/","logo":{"@type":"ImageObject","inLanguage":"nb-NO","@id":"https:\/\/dev.totalctrl.com\/#\/schema\/logo\/image\/","url":"https:\/\/dev.totalctrl.com\/wp-content\/uploads\/2021\/04\/totalctrl-logo-light@2x.png","contentUrl":"https:\/\/dev.totalctrl.com\/wp-content\/uploads\/2021\/04\/totalctrl-logo-light@2x.png","width":395,"height":65,"caption":"TotalCtrl"},"image":{"@id":"https:\/\/dev.totalctrl.com\/#\/schema\/logo\/image\/"},"sameAs":["https:\/\/www.instagram.com\/totalctrlas\/","https:\/\/www.linkedin.com\/company\/totalctrl","https:\/\/www.facebook.com\/TotalCtrl","https:\/\/twitter.com\/totalctrlas"]},{"@type":"Person","@id":"https:\/\/dev.totalctrl.com\/#\/schema\/person\/b0369db4f3e069e69914932700261a77","name":"Charlotte Aschim","image":{"@type":"ImageObject","inLanguage":"nb-NO","@id":"https:\/\/dev.totalctrl.com\/#\/schema\/person\/image\/","url":"https:\/\/secure.gravatar.com\/avatar\/fb0cb89195938e1a6125c4c297b3e5f2?s=96&d=mm&r=g","contentUrl":"https:\/\/secure.gravatar.com\/avatar\/fb0cb89195938e1a6125c4c297b3e5f2?s=96&d=mm&r=g","caption":"Charlotte Aschim"},"url":"https:\/\/dev.totalctrl.com\/no\/author\/charlotte-totalctrl"}]}},"_links":{"self":[{"href":"https:\/\/dev.totalctrl.com\/no\/wp-json\/wp\/v2\/posts\/6440"}],"collection":[{"href":"https:\/\/dev.totalctrl.com\/no\/wp-json\/wp\/v2\/posts"}],"about":[{"href":"https:\/\/dev.totalctrl.com\/no\/wp-json\/wp\/v2\/types\/post"}],"author":[{"embeddable":true,"href":"https:\/\/dev.totalctrl.com\/no\/wp-json\/wp\/v2\/users\/6"}],"replies":[{"embeddable":true,"href":"https:\/\/dev.totalctrl.com\/no\/wp-json\/wp\/v2\/comments?post=6440"}],"version-history":[{"count":9,"href":"https:\/\/dev.totalctrl.com\/no\/wp-json\/wp\/v2\/posts\/6440\/revisions"}],"predecessor-version":[{"id":6463,"href":"https:\/\/dev.totalctrl.com\/no\/wp-json\/wp\/v2\/posts\/6440\/revisions\/6463"}],"wp:featuredmedia":[{"embeddable":true,"href":"https:\/\/dev.totalctrl.com\/no\/wp-json\/wp\/v2\/media\/6452"}],"wp:attachment":[{"href":"https:\/\/dev.totalctrl.com\/no\/wp-json\/wp\/v2\/media?parent=6440"}],"wp:term":[{"taxonomy":"category","embeddable":true,"href":"https:\/\/dev.totalctrl.com\/no\/wp-json\/wp\/v2\/categories?post=6440"},{"taxonomy":"post_tag","embeddable":true,"href":"https:\/\/dev.totalctrl.com\/no\/wp-json\/wp\/v2\/tags?post=6440"}],"curies":[{"name":"wp","href":"https:\/\/api.w.org\/{rel}","templated":true}]}}