{"id":957,"date":"2020-02-07T13:16:53","date_gmt":"2020-02-07T13:16:53","guid":{"rendered":"https:\/\/totalctrl.com\/uncategorized-no\/leder-for-digitalisering-og-innovasjon-slutter-seg-til-totalctrl"},"modified":"2020-02-07T14:37:32","modified_gmt":"2020-02-07T14:37:32","slug":"leder-for-digitalisering-og-innovasjon-slutter-seg-til-totalctrl","status":"publish","type":"post","link":"https:\/\/dev.totalctrl.com\/no\/press-release\/leder-for-digitalisering-og-innovasjon-slutter-seg-til-totalctrl\/","title":{"rendered":"Leder for digitalisering og innovasjon slutter seg til TotalCtrl"},"content":{"rendered":"<p><strong>Norge, Oslo:<\/strong> TotalCtrl, et ledende selskap for forebygging av matavfall, kunngjorde i dag at Alexander Salveson Nossum vil bli med totalctrl som r\u00e5dgivende styremedlem.<\/p>\n<p>Alexander vil bringe sin erfaring innen digitalisering og innovasjon til TotalCtrl for \u00e5 skalere teknologien globalt.<\/p>\n<p>I tillegg, Alexander erfaringer som vil v\u00e6re til nytte TotalCtrl fremover inkluderer:<\/p>\n<ul>\n<li>Kompetanse innenfor kommunesegmentet<\/li>\n<li>Forretningsutvikling<\/li>\n<li>Salg<\/li>\n<\/ul>\n<p>&raquo; Jeg har fulgt TotalCtrl en stund, og det har v\u00e6rt spennende \u00e5 se alt de har oppn\u00e5dd. TotalCtrl har mye \u00e5 g\u00e5 for dem, og teknologien deres er sv\u00e6rt skalerbar, sier Alexander Salveson Nossum.<\/p>\n<p>For mer informasjon om Alexander Salveson Nossum, bes\u00f8k <a href=\"https:\/\/www.linkedin.com\/in\/alexanno\/\" target=\"_blank\" rel=\"noopener\">profilen hans her.<\/a><\/p>\n<p><strong>Om TotalCtrl:<\/strong> TotalCtrl er verdens f\u00f8rste skybaserte system for forebygging av matavfall. Dette selskapet forenkler styring av lager- og utl\u00f8psdatoer. TotalCtrl hjelper kunder i n\u00e6ringsmiddelindustrien med \u00e5 spare tid, penger og forhindre matavfall ved \u00e5 gi sanntidsdata p\u00e5 lager basert p\u00e5 utl\u00f8psdato. Sammen med Alexander Salveson Nossum TotalCtrl vil hjelpe verden med \u00e5 forhindre matavfall raskere.<\/p>\n","protected":false},"excerpt":{"rendered":"<p>Norge, Oslo: TotalCtrl, et ledende selskap for forebygging av matavfall, kunngjorde i dag at Alexander Salveson Nossum vil bli med totalctrl som r\u00e5dgivende styremedlem. Alexander vil bringe sin erfaring innen digitalisering og innovasjon til TotalCtrl for \u00e5 skalere teknologien globalt. I tillegg, Alexander erfaringer som vil v\u00e6re til nytte TotalCtrl fremover inkluderer: Kompetanse innenfor kommunesegmentet &hellip; <\/p>\n<p class=\"link-more\"><a href=\"https:\/\/dev.totalctrl.com\/no\/press-release\/leder-for-digitalisering-og-innovasjon-slutter-seg-til-totalctrl\/\" class=\"more-link\">Fortsett \u00e5 lese<span class=\"screen-reader-text\"> \u00abLeder for digitalisering og innovasjon slutter seg til TotalCtrl\u00bb<\/span><\/a><\/p>\n","protected":false},"author":6,"featured_media":955,"comment_status":"open","ping_status":"open","sticky":false,"template":"","format":"standard","meta":{"content-type":""},"categories":[19],"tags":[],"acf":[],"yoast_head":"<!-- This site is optimized with the Yoast SEO plugin v20.0 - https:\/\/yoast.com\/wordpress\/plugins\/seo\/ -->\n<title>Leder for digitalisering og innovasjon slutter seg til TotalCtrl - TotalCtrl<\/title>\n<meta name=\"robots\" content=\"index, follow, max-snippet:-1, max-image-preview:large, max-video-preview:-1\" \/>\n<link rel=\"canonical\" href=\"https:\/\/dev.totalctrl.com\/no\/press-release\/leder-for-digitalisering-og-innovasjon-slutter-seg-til-totalctrl\" \/>\n<meta property=\"og:locale\" content=\"nb_NO\" \/>\n<meta property=\"og:type\" content=\"article\" \/>\n<meta property=\"og:title\" content=\"Leder for digitalisering og innovasjon slutter seg til TotalCtrl - TotalCtrl\" \/>\n<meta property=\"og:description\" content=\"Norge, Oslo: TotalCtrl, et ledende selskap for forebygging av matavfall, kunngjorde i dag at Alexander Salveson Nossum vil bli med totalctrl som r\u00e5dgivende styremedlem. Alexander vil bringe sin erfaring innen digitalisering og innovasjon til TotalCtrl for \u00e5 skalere teknologien globalt. I tillegg, Alexander erfaringer som vil v\u00e6re til nytte TotalCtrl fremover inkluderer: Kompetanse innenfor kommunesegmentet &hellip; Fortsett \u00e5 lese \u00abLeder for digitalisering og innovasjon slutter seg til TotalCtrl\u00bb\" \/>\n<meta property=\"og:url\" content=\"https:\/\/dev.totalctrl.com\/no\/press-release\/leder-for-digitalisering-og-innovasjon-slutter-seg-til-totalctrl\/\" \/>\n<meta property=\"og:site_name\" content=\"TotalCtrl\" \/>\n<meta property=\"article:publisher\" content=\"https:\/\/www.facebook.com\/TotalCtrl\" \/>\n<meta property=\"article:published_time\" content=\"2020-02-07T13:16:53+00:00\" \/>\n<meta property=\"article:modified_time\" content=\"2020-02-07T14:37:32+00:00\" \/>\n<meta property=\"og:image\" content=\"https:\/\/dev.totalctrl.com\/wp-content\/uploads\/2020\/02\/alexander_salveson_nossum.jpg\" \/>\n\t<meta property=\"og:image:width\" content=\"1024\" \/>\n\t<meta property=\"og:image:height\" content=\"712\" \/>\n\t<meta property=\"og:image:type\" content=\"image\/jpeg\" \/>\n<meta name=\"author\" content=\"Charlotte Aschim\" \/>\n<meta name=\"twitter:card\" content=\"summary_large_image\" \/>\n<meta name=\"twitter:creator\" content=\"@totalctrlas\" \/>\n<meta name=\"twitter:site\" content=\"@totalctrlas\" \/>\n<meta name=\"twitter:label1\" content=\"Skrevet av\" \/>\n\t<meta name=\"twitter:data1\" content=\"Charlotte Aschim\" \/>\n\t<meta name=\"twitter:label2\" content=\"Ansl. lesetid\" \/>\n\t<meta name=\"twitter:data2\" content=\"1 minutt\" \/>\n<script type=\"application\/ld+json\" class=\"yoast-schema-graph\">{\"@context\":\"https:\/\/schema.org\",\"@graph\":[{\"@type\":\"Article\",\"@id\":\"https:\/\/dev.totalctrl.com\/no\/press-release\/leder-for-digitalisering-og-innovasjon-slutter-seg-til-totalctrl\/#article\",\"isPartOf\":{\"@id\":\"https:\/\/dev.totalctrl.com\/no\/press-release\/leder-for-digitalisering-og-innovasjon-slutter-seg-til-totalctrl\/\"},\"author\":{\"name\":\"Charlotte Aschim\",\"@id\":\"https:\/\/dev.totalctrl.com\/#\/schema\/person\/b0369db4f3e069e69914932700261a77\"},\"headline\":\"Leder for digitalisering og innovasjon slutter seg til TotalCtrl\",\"datePublished\":\"2020-02-07T13:16:53+00:00\",\"dateModified\":\"2020-02-07T14:37:32+00:00\",\"mainEntityOfPage\":{\"@id\":\"https:\/\/dev.totalctrl.com\/no\/press-release\/leder-for-digitalisering-og-innovasjon-slutter-seg-til-totalctrl\/\"},\"wordCount\":171,\"commentCount\":0,\"publisher\":{\"@id\":\"https:\/\/dev.totalctrl.com\/#organization\"},\"articleSection\":[\"Press\"],\"inLanguage\":\"nb-NO\",\"potentialAction\":[{\"@type\":\"CommentAction\",\"name\":\"Comment\",\"target\":[\"https:\/\/dev.totalctrl.com\/no\/press-release\/leder-for-digitalisering-og-innovasjon-slutter-seg-til-totalctrl\/#respond\"]}]},{\"@type\":\"WebPage\",\"@id\":\"https:\/\/dev.totalctrl.com\/no\/press-release\/leder-for-digitalisering-og-innovasjon-slutter-seg-til-totalctrl\/\",\"url\":\"https:\/\/dev.totalctrl.com\/no\/press-release\/leder-for-digitalisering-og-innovasjon-slutter-seg-til-totalctrl\/\",\"name\":\"Leder for digitalisering og innovasjon slutter seg til TotalCtrl - TotalCtrl\",\"isPartOf\":{\"@id\":\"https:\/\/dev.totalctrl.com\/#website\"},\"datePublished\":\"2020-02-07T13:16:53+00:00\",\"dateModified\":\"2020-02-07T14:37:32+00:00\",\"inLanguage\":\"nb-NO\",\"potentialAction\":[{\"@type\":\"ReadAction\",\"target\":[\"https:\/\/dev.totalctrl.com\/no\/press-release\/leder-for-digitalisering-og-innovasjon-slutter-seg-til-totalctrl\/\"]}]},{\"@type\":\"WebSite\",\"@id\":\"https:\/\/dev.totalctrl.com\/#website\",\"url\":\"https:\/\/dev.totalctrl.com\/\",\"name\":\"TotalCtrl\",\"description\":\"TotalCtrl Blog\",\"publisher\":{\"@id\":\"https:\/\/dev.totalctrl.com\/#organization\"},\"potentialAction\":[{\"@type\":\"SearchAction\",\"target\":{\"@type\":\"EntryPoint\",\"urlTemplate\":\"https:\/\/dev.totalctrl.com\/?s={search_term_string}\"},\"query-input\":\"required name=search_term_string\"}],\"inLanguage\":\"nb-NO\"},{\"@type\":\"Organization\",\"@id\":\"https:\/\/dev.totalctrl.com\/#organization\",\"name\":\"TotalCtrl\",\"url\":\"https:\/\/dev.totalctrl.com\/\",\"logo\":{\"@type\":\"ImageObject\",\"inLanguage\":\"nb-NO\",\"@id\":\"https:\/\/dev.totalctrl.com\/#\/schema\/logo\/image\/\",\"url\":\"https:\/\/dev.totalctrl.com\/wp-content\/uploads\/2021\/04\/totalctrl-logo-light@2x.png\",\"contentUrl\":\"https:\/\/dev.totalctrl.com\/wp-content\/uploads\/2021\/04\/totalctrl-logo-light@2x.png\",\"width\":395,\"height\":65,\"caption\":\"TotalCtrl\"},\"image\":{\"@id\":\"https:\/\/dev.totalctrl.com\/#\/schema\/logo\/image\/\"},\"sameAs\":[\"https:\/\/www.instagram.com\/totalctrlas\/\",\"https:\/\/www.linkedin.com\/company\/totalctrl\",\"https:\/\/www.facebook.com\/TotalCtrl\",\"https:\/\/twitter.com\/totalctrlas\"]},{\"@type\":\"Person\",\"@id\":\"https:\/\/dev.totalctrl.com\/#\/schema\/person\/b0369db4f3e069e69914932700261a77\",\"name\":\"Charlotte Aschim\",\"image\":{\"@type\":\"ImageObject\",\"inLanguage\":\"nb-NO\",\"@id\":\"https:\/\/dev.totalctrl.com\/#\/schema\/person\/image\/\",\"url\":\"https:\/\/secure.gravatar.com\/avatar\/fb0cb89195938e1a6125c4c297b3e5f2?s=96&d=mm&r=g\",\"contentUrl\":\"https:\/\/secure.gravatar.com\/avatar\/fb0cb89195938e1a6125c4c297b3e5f2?s=96&d=mm&r=g\",\"caption\":\"Charlotte Aschim\"},\"url\":\"https:\/\/dev.totalctrl.com\/no\/author\/charlotte-totalctrl\"}]}<\/script>\n<!-- \/ Yoast SEO plugin. -->","yoast_head_json":{"title":"Leder for digitalisering og innovasjon slutter seg til TotalCtrl - TotalCtrl","robots":{"index":"index","follow":"follow","max-snippet":"max-snippet:-1","max-image-preview":"max-image-preview:large","max-video-preview":"max-video-preview:-1"},"canonical":"https:\/\/dev.totalctrl.com\/no\/press-release\/leder-for-digitalisering-og-innovasjon-slutter-seg-til-totalctrl","og_locale":"nb_NO","og_type":"article","og_title":"Leder for digitalisering og innovasjon slutter seg til TotalCtrl - TotalCtrl","og_description":"Norge, Oslo: TotalCtrl, et ledende selskap for forebygging av matavfall, kunngjorde i dag at Alexander Salveson Nossum vil bli med totalctrl som r\u00e5dgivende styremedlem. Alexander vil bringe sin erfaring innen digitalisering og innovasjon til TotalCtrl for \u00e5 skalere teknologien globalt. I tillegg, Alexander erfaringer som vil v\u00e6re til nytte TotalCtrl fremover inkluderer: Kompetanse innenfor kommunesegmentet &hellip; Fortsett \u00e5 lese \u00abLeder for digitalisering og innovasjon slutter seg til TotalCtrl\u00bb","og_url":"https:\/\/dev.totalctrl.com\/no\/press-release\/leder-for-digitalisering-og-innovasjon-slutter-seg-til-totalctrl\/","og_site_name":"TotalCtrl","article_publisher":"https:\/\/www.facebook.com\/TotalCtrl","article_published_time":"2020-02-07T13:16:53+00:00","article_modified_time":"2020-02-07T14:37:32+00:00","og_image":[{"width":1024,"height":712,"url":"https:\/\/dev.totalctrl.com\/wp-content\/uploads\/2020\/02\/alexander_salveson_nossum.jpg","type":"image\/jpeg"}],"author":"Charlotte Aschim","twitter_card":"summary_large_image","twitter_creator":"@totalctrlas","twitter_site":"@totalctrlas","twitter_misc":{"Skrevet av":"Charlotte Aschim","Ansl. lesetid":"1 minutt"},"schema":{"@context":"https:\/\/schema.org","@graph":[{"@type":"Article","@id":"https:\/\/dev.totalctrl.com\/no\/press-release\/leder-for-digitalisering-og-innovasjon-slutter-seg-til-totalctrl\/#article","isPartOf":{"@id":"https:\/\/dev.totalctrl.com\/no\/press-release\/leder-for-digitalisering-og-innovasjon-slutter-seg-til-totalctrl\/"},"author":{"name":"Charlotte Aschim","@id":"https:\/\/dev.totalctrl.com\/#\/schema\/person\/b0369db4f3e069e69914932700261a77"},"headline":"Leder for digitalisering og innovasjon slutter seg til TotalCtrl","datePublished":"2020-02-07T13:16:53+00:00","dateModified":"2020-02-07T14:37:32+00:00","mainEntityOfPage":{"@id":"https:\/\/dev.totalctrl.com\/no\/press-release\/leder-for-digitalisering-og-innovasjon-slutter-seg-til-totalctrl\/"},"wordCount":171,"commentCount":0,"publisher":{"@id":"https:\/\/dev.totalctrl.com\/#organization"},"articleSection":["Press"],"inLanguage":"nb-NO","potentialAction":[{"@type":"CommentAction","name":"Comment","target":["https:\/\/dev.totalctrl.com\/no\/press-release\/leder-for-digitalisering-og-innovasjon-slutter-seg-til-totalctrl\/#respond"]}]},{"@type":"WebPage","@id":"https:\/\/dev.totalctrl.com\/no\/press-release\/leder-for-digitalisering-og-innovasjon-slutter-seg-til-totalctrl\/","url":"https:\/\/dev.totalctrl.com\/no\/press-release\/leder-for-digitalisering-og-innovasjon-slutter-seg-til-totalctrl\/","name":"Leder for digitalisering og innovasjon slutter seg til TotalCtrl - TotalCtrl","isPartOf":{"@id":"https:\/\/dev.totalctrl.com\/#website"},"datePublished":"2020-02-07T13:16:53+00:00","dateModified":"2020-02-07T14:37:32+00:00","inLanguage":"nb-NO","potentialAction":[{"@type":"ReadAction","target":["https:\/\/dev.totalctrl.com\/no\/press-release\/leder-for-digitalisering-og-innovasjon-slutter-seg-til-totalctrl\/"]}]},{"@type":"WebSite","@id":"https:\/\/dev.totalctrl.com\/#website","url":"https:\/\/dev.totalctrl.com\/","name":"TotalCtrl","description":"TotalCtrl Blog","publisher":{"@id":"https:\/\/dev.totalctrl.com\/#organization"},"potentialAction":[{"@type":"SearchAction","target":{"@type":"EntryPoint","urlTemplate":"https:\/\/dev.totalctrl.com\/?s={search_term_string}"},"query-input":"required name=search_term_string"}],"inLanguage":"nb-NO"},{"@type":"Organization","@id":"https:\/\/dev.totalctrl.com\/#organization","name":"TotalCtrl","url":"https:\/\/dev.totalctrl.com\/","logo":{"@type":"ImageObject","inLanguage":"nb-NO","@id":"https:\/\/dev.totalctrl.com\/#\/schema\/logo\/image\/","url":"https:\/\/dev.totalctrl.com\/wp-content\/uploads\/2021\/04\/totalctrl-logo-light@2x.png","contentUrl":"https:\/\/dev.totalctrl.com\/wp-content\/uploads\/2021\/04\/totalctrl-logo-light@2x.png","width":395,"height":65,"caption":"TotalCtrl"},"image":{"@id":"https:\/\/dev.totalctrl.com\/#\/schema\/logo\/image\/"},"sameAs":["https:\/\/www.instagram.com\/totalctrlas\/","https:\/\/www.linkedin.com\/company\/totalctrl","https:\/\/www.facebook.com\/TotalCtrl","https:\/\/twitter.com\/totalctrlas"]},{"@type":"Person","@id":"https:\/\/dev.totalctrl.com\/#\/schema\/person\/b0369db4f3e069e69914932700261a77","name":"Charlotte Aschim","image":{"@type":"ImageObject","inLanguage":"nb-NO","@id":"https:\/\/dev.totalctrl.com\/#\/schema\/person\/image\/","url":"https:\/\/secure.gravatar.com\/avatar\/fb0cb89195938e1a6125c4c297b3e5f2?s=96&d=mm&r=g","contentUrl":"https:\/\/secure.gravatar.com\/avatar\/fb0cb89195938e1a6125c4c297b3e5f2?s=96&d=mm&r=g","caption":"Charlotte Aschim"},"url":"https:\/\/dev.totalctrl.com\/no\/author\/charlotte-totalctrl"}]}},"_links":{"self":[{"href":"https:\/\/dev.totalctrl.com\/no\/wp-json\/wp\/v2\/posts\/957"}],"collection":[{"href":"https:\/\/dev.totalctrl.com\/no\/wp-json\/wp\/v2\/posts"}],"about":[{"href":"https:\/\/dev.totalctrl.com\/no\/wp-json\/wp\/v2\/types\/post"}],"author":[{"embeddable":true,"href":"https:\/\/dev.totalctrl.com\/no\/wp-json\/wp\/v2\/users\/6"}],"replies":[{"embeddable":true,"href":"https:\/\/dev.totalctrl.com\/no\/wp-json\/wp\/v2\/comments?post=957"}],"version-history":[{"count":2,"href":"https:\/\/dev.totalctrl.com\/no\/wp-json\/wp\/v2\/posts\/957\/revisions"}],"predecessor-version":[{"id":3211,"href":"https:\/\/dev.totalctrl.com\/no\/wp-json\/wp\/v2\/posts\/957\/revisions\/3211"}],"wp:featuredmedia":[{"embeddable":true,"href":"https:\/\/dev.totalctrl.com\/no\/wp-json\/wp\/v2\/media\/955"}],"wp:attachment":[{"href":"https:\/\/dev.totalctrl.com\/no\/wp-json\/wp\/v2\/media?parent=957"}],"wp:term":[{"taxonomy":"category","embeddable":true,"href":"https:\/\/dev.totalctrl.com\/no\/wp-json\/wp\/v2\/categories?post=957"},{"taxonomy":"post_tag","embeddable":true,"href":"https:\/\/dev.totalctrl.com\/no\/wp-json\/wp\/v2\/tags?post=957"}],"curies":[{"name":"wp","href":"https:\/\/api.w.org\/{rel}","templated":true}]}}